[{"@context":"https:\/\/schema.org\/","@type":"Article","@id":"https:\/\/www.mandr.sk\/deti-a-vreckove\/#Article","mainEntityOfPage":"https:\/\/www.mandr.sk\/deti-a-vreckove\/","headline":"Deti a vreckov\u00e9","name":"Deti a vreckov\u00e9","description":"Prem\u00fd\u0161\u013eali ste u\u017e nad t\u00fdm, \u010di d\u00e1va\u0165 svojmu die\u0165a\u0165u peniaze alebo rad\u0161ej nie? Spolo\u010dne so [&hellip;]","datePublished":"2019-02-03","dateModified":"2019-02-03","author":{"@type":"Person","@id":"https:\/\/www.mandr.sk\/author\/#Person","name":"","url":"https:\/\/www.mandr.sk\/author\/","identifier":1,"image":{"@type":"ImageObject","@id":"https:\/\/secure.gravatar.com\/avatar\/32bc2d377216483c132a3bbf038b8838926e0616f1b3d0e9cb50d997f0b052ba?s=96&d=mm&r=g","url":"https:\/\/secure.gravatar.com\/avatar\/32bc2d377216483c132a3bbf038b8838926e0616f1b3d0e9cb50d997f0b052ba?s=96&d=mm&r=g","height":96,"width":96}},"publisher":{"@type":"Organization","name":"mandr.sk","logo":{"@type":"ImageObject","@id":"\/logo.png","url":"\/logo.png","width":600,"height":60}},"image":{"@type":"ImageObject","@id":"https:\/\/www.mandr.sk\/wp-content\/uploads\/img_a299106_w16701_t1554299202.jpg","url":"https:\/\/www.mandr.sk\/wp-content\/uploads\/img_a299106_w16701_t1554299202.jpg","height":0,"width":0},"url":"https:\/\/www.mandr.sk\/deti-a-vreckove\/","wordCount":409,"articleBody":"Prem\u00fd\u0161\u013eali ste u\u017e nad t\u00fdm, \u010di d\u00e1va\u0165 svojmu die\u0165a\u0165u peniaze alebo rad\u0161ej nie? Spolo\u010dne so svojou man\u017eelkou alebo man\u017eelom ste rozoberali pre a\u00a0proti tohto rozhodnutia, ale st\u00e1le ste si nevybrali? Ur\u010dite prem\u00fd\u0161\u013eate nad v\u00fdhodami a\u00a0nev\u00fdhodami, nad t\u00fdm, \u010di je to vhodn\u00e9 a\u00a0dobr\u00e9 rie\u0161enie. Ja si mysl\u00edm, \u017ee je to ve\u013emi pr\u00ednosn\u00e9. V\u0161etko m\u00e1 svoje plusy a\u00a0m\u00ednusy, ale v\u00a0tomto pr\u00edpade by sa dalo hovori\u0165 o\u00a0tom, \u017ee je to naozaj ve\u013emi vhodn\u00e9 rie\u0161enie. K\u00fdm s\u00fa toti\u017e deti men\u0161ie, tak\u00fdmto sp\u00f4sobom by ste ich vedeli vies\u0165 k\u00a0zodpovednosti.Deti sa u\u010dia r\u00fdchlo a\u00a0ak im vysvetl\u00edte, ako by mali s\u00a0peniazmi nar\u00e1ba\u0165, ur\u010dite to pre nich bude prospe\u0161n\u00e9. Av\u0161ak, aj tu by ste si mali ur\u010di\u0165 hranice. Je ve\u013emi d\u00f4le\u017eit\u00e9 dohodn\u00fa\u0165 sa s\u00a0partnerom, ko\u013eko pe\u0148az\u00ed za mesiac zver\u00edte svojim de\u0165om do r\u00fak. Samozrejme, ak si u\u017e stanov\u00edte ur\u010dit\u00fa sumu, je vhodn\u00e9 obozn\u00e1mi\u0165 s\u00a0t\u00fdm aj deti a\u00a0pripravi\u0165 ich na to, \u017ee ak si mno\u017estvo pe\u0148az\u00ed, ktor\u00e9 dostan\u00fa na mesiac min\u00fa za dva dni, \u010fal\u0161ie u\u017e nedostan\u00fa. Nie preto, \u017ee by ste im nechceli dopria\u0165, ale d\u00f4le\u017eit\u00e9 je hlavne to, \u017ee tak\u00fdmto sp\u00f4sobom ich vediete k\u00a0schopnosti hospod\u00e1ri\u0165 a\u00a0\u0161etri\u0165. Taktie\u017e sa u\u010dia pracova\u0165 s\u00a0peniazmi, dok\u00e1\u017eu si rozr\u00e1ta\u0165, na \u010do v\u0161etko m\u00f4\u017eu min\u00fa\u0165 a\u00a0ko\u013eko im zostane. To im m\u00f4\u017ee ve\u013emi dobre pom\u00f4c\u0165 a\u00a0pripravi\u0165 ich do bud\u00facnosti, ke\u010f napr\u00edklad u\u017e bud\u00fa pracova\u0165 alebo brig\u00e1dova\u0165, aby si dok\u00e1zali rozpo\u010d\u00edta\u0165, ko\u013eko sm\u00fa min\u00fa\u0165 za de\u0148.Mo\u017eno s\u00fa niektor\u00ed \u013eudia vyslovene proti tomu, aby die\u0165a dost\u00e1valo vreckov\u00e9, ale kto ich privedie k\u00a0zodpovednosti, schopnosti pracova\u0165 s\u00a0peniazmi, ak nie my? Kto im pom\u00f4\u017ee a\u00a0porad\u00ed a\u00a0kto ich priprav\u00ed na\u00a0bud\u00facnosti, ke\u010f to teraz neurob\u00edme my? Rozhodne by ste t\u00fato mo\u017enos\u0165 nemali zahadzova\u0165 a\u00a0prebra\u0165 to so svojim partnerom alebo man\u017eelom. Mysl\u00edm si, \u017ee je potrebn\u00e9 deti vies\u0165 spr\u00e1vnym smerom u\u017e od za\u010diatku a\u00a0toto je tie\u017e jedna z\u00a0mo\u017enost\u00ed ako im dok\u00e1\u017eete pom\u00f4c\u0165. Tak to vyu\u017eite.\u00a0                                                                                                                                                                                                                                                                                                                                                                                        4.6\/5 - (5 votes)        "},{"@context":"https:\/\/schema.org\/","@type":"BreadcrumbList","itemListElement":[{"@type":"ListItem","position":1,"name":"Deti a vreckov\u00e9","item":"https:\/\/www.mandr.sk\/deti-a-vreckove\/#breadcrumbitem"}]}]