[{"@context":"https:\/\/schema.org\/","@type":"Article","@id":"https:\/\/www.mandr.sk\/o-mode-trochu-inak\/#Article","mainEntityOfPage":"https:\/\/www.mandr.sk\/o-mode-trochu-inak\/","headline":"O m\u00f3de trochu inak","name":"O m\u00f3de trochu inak","description":"Pod pojmom m\u00f3da si nie ka\u017ed\u00fd predstav\u00ed jedno a\u00a0to ist\u00e9. Pre niekoho to m\u00f4\u017ee by\u0165 [&hellip;]","datePublished":"2023-08-28","dateModified":"2024-02-21","author":{"@type":"Person","@id":"https:\/\/www.mandr.sk\/author\/#Person","name":"","url":"https:\/\/www.mandr.sk\/author\/","identifier":1,"image":{"@type":"ImageObject","@id":"https:\/\/secure.gravatar.com\/avatar\/32bc2d377216483c132a3bbf038b8838926e0616f1b3d0e9cb50d997f0b052ba?s=96&d=mm&r=g","url":"https:\/\/secure.gravatar.com\/avatar\/32bc2d377216483c132a3bbf038b8838926e0616f1b3d0e9cb50d997f0b052ba?s=96&d=mm&r=g","height":96,"width":96}},"publisher":{"@type":"Organization","name":"mandr.sk","logo":{"@type":"ImageObject","@id":"\/logo.png","url":"\/logo.png","width":600,"height":60}},"image":{"@type":"ImageObject","@id":"https:\/\/www.mandr.sk\/wp-content\/uploads\/fashion-4233913_1280.jpg","url":"https:\/\/www.mandr.sk\/wp-content\/uploads\/fashion-4233913_1280.jpg","height":0,"width":0},"url":"https:\/\/www.mandr.sk\/o-mode-trochu-inak\/","about":["M\u00f3da"],"wordCount":403,"articleBody":"Pod pojmom m\u00f3da si nie ka\u017ed\u00fd predstav\u00ed jedno a\u00a0to ist\u00e9. Pre niekoho to m\u00f4\u017ee by\u0165 trend, ktor\u00fd pr\u00e1ve fr\u010d\u00ed v\u00a0m\u00f3dnych \u010dasopisoch, ktor\u00fd je potrebn\u00e9 nasledova\u0165, aby sme boli takpovediac in. Pre in\u00fdch je zase m\u00f3dou uprednostnenie ich vlastn\u00e9ho \u0161t\u00fdlu, ktor\u00fd vypoved\u00e1 o\u00a0nich samotn\u00fdch, o\u00a0ich postojoch k\u00a0\u017eivotu. Obliekanie ako ist\u00fd sp\u00f4sob sebavyjadrenia je tvorivou formou, ktor\u00e1 bav\u00ed mnoh\u00fdch nielen mlad\u00fdch \u013eud\u00ed. In\u0161pir\u00e1cie nie je nikdy dos\u0165 a\u00a0preto s\u00fa m\u00f3dne magaz\u00edny alebo rel\u00e1cie v\u00a0telev\u00edzii ist\u00fdm pr\u00ednosom v\u00a0danom smere.U\u00a0mlad\u00fdch jednotlivcov ako aj u\u00a0dospel\u00fdch prevl\u00e1da nie v\u00a0ka\u017edom pr\u00edpade elegantn\u00fd \u0161t\u00fdl obliekania. Mnoh\u00e9 mlad\u00e9 d\u00e1my sa lep\u0161ie c\u00edtia v\u00a0roztrhan\u00fdch rifliach a\u00a0oversized mikin\u00e1ch, ktor\u00e9 uprednostnia pred skinny d\u017e\u00ednsami a\u00a0elegantnou ko\u0161e\u013eou. Tak\u00fdto sp\u00f4sob obliekania ich jednoducho lep\u0161ie vystihuje, vypoved\u00e1 o\u00a0ich vo\u013enom \u017eivotnom \u0161t\u00fdle a\u00a0o\u00a0h\u013eadan\u00ed vn\u00fatornej slobody. To ist\u00e9 plat\u00ed aj pre mlad\u00fdch mu\u017eov, ktor\u00ed nepohrdn\u00fa vo\u013eno\u0161t\u00fdlov\u00fdm oble\u010den\u00edm, v\u00a0ktorom s\u00fa viac sami sebou, ako by sa mali nahodi\u0165 do elegantn\u00e9ho saka a\u00a0tr\u00e1vi\u0165 v\u00a0\u0148om pol d\u0148a \u010di u\u017e v\u00a0\u0161kole a\u00a0lebo v\u00a0pr\u00e1ci. M\u00f3da je ist\u00fdm sp\u00f4sobom o\u00a0v\u00fdbere, o\u00a0rozhodnut\u00ed sa pre jednotliv\u00e9 kusy oble\u010denia, pri\u010dom je rozhoduj\u00faci pocit z\u00a0nosenia dan\u00fdch vec\u00ed. My sme tvorcom n\u00e1\u0161ho \u017eivota a\u00a0\u0161\u0165astia a\u00a0m\u00e1me vo\u013en\u00fa ruku aj vo v\u00fdbere n\u00e1\u0161ho oble\u010denia. Kusy odevov m\u00f4\u017eeme zauj\u00edmavo kombinova\u0165 a\u00a0vytv\u00e1ra\u0165 zauj\u00edmav\u00e9 tradi\u010dn\u00e9 aj netradi\u010dn\u00e9 modely, pln\u00e9 farieb, alebo naopak, nen\u00e1padn\u00e9, v\u00a0ktor\u00fdch spl\u00fdvame s\u00a0davom. Obliekanie je o tvoren\u00ed a\u00a0pri dostato\u010dnej in\u0161pir\u00e1cii a\u00a0odvahe, m\u00f4\u017eeme vytv\u00e1ra\u0165 origin\u00e1lne outlooky, ktor\u00e9 nemaj\u00fa obdobu. Aj m\u00f3dni n\u00e1vrh\u00e1ri takto za\u010d\u00ednali. Experimentovali, zauj\u00edmali sa o\u00a0sebavyjadrenie prostredn\u00edctvom oble\u010denia a\u00a0ke\u010f\u017ee ich to neprest\u00e1valo bavi\u0165, stali sa z\u00a0nich odborn\u00edci v\u00a0danom smere a\u00a0pon\u00fakaj\u00fa kolekcie pre obyvate\u013estvo. Sta\u0148te sa aj vy m\u00f3dnym n\u00e1vrh\u00e1rom vlastnej zostavy \u0161atn\u00edka a\u00a0vyberajte si k\u00fasky, ktor\u00e9 stoja za to.                                                                                                                                                                                                                                                                                                                                                                                        4.5\/5 - (11 votes)        "},{"@context":"https:\/\/schema.org\/","@type":"BreadcrumbList","itemListElement":[{"@type":"ListItem","position":1,"name":"O m\u00f3de trochu inak","item":"https:\/\/www.mandr.sk\/o-mode-trochu-inak\/#breadcrumbitem"}]}]