[{"@context":"https:\/\/schema.org\/","@type":"Article","@id":"https:\/\/www.mandr.sk\/vratnymi-a-recyklovatelnymi-plastovymi-prepravkami-k-udrzatelnosti\/#Article","mainEntityOfPage":"https:\/\/www.mandr.sk\/vratnymi-a-recyklovatelnymi-plastovymi-prepravkami-k-udrzatelnosti\/","headline":"Vratn\u00fdmi a recyklovate\u013en\u00fdmi plastov\u00fdmi prepravkami k udr\u017eate\u013enosti","name":"Vratn\u00fdmi a recyklovate\u013en\u00fdmi plastov\u00fdmi prepravkami k udr\u017eate\u013enosti","description":"S neust\u00e1lym mno\u017estvom odpadu, ktor\u00e9 \u013eudia vyhadzuj\u00fa do vo\u013enej pr\u00edrody a spolo\u010dne s vyp\u00fa\u0161\u0165an\u00fdmi \u0161kodliv\u00fdmi [&hellip;]","datePublished":"2022-06-14","dateModified":"2022-06-14","author":{"@type":"Person","@id":"https:\/\/www.mandr.sk\/author\/#Person","name":"","url":"https:\/\/www.mandr.sk\/author\/","identifier":1,"image":{"@type":"ImageObject","@id":"https:\/\/secure.gravatar.com\/avatar\/32bc2d377216483c132a3bbf038b8838926e0616f1b3d0e9cb50d997f0b052ba?s=96&d=mm&r=g","url":"https:\/\/secure.gravatar.com\/avatar\/32bc2d377216483c132a3bbf038b8838926e0616f1b3d0e9cb50d997f0b052ba?s=96&d=mm&r=g","height":96,"width":96}},"publisher":{"@type":"Organization","name":"mandr.sk","logo":{"@type":"ImageObject","@id":"\/logo.png","url":"\/logo.png","width":600,"height":60}},"image":{"@type":"ImageObject","@id":"https:\/\/www.mandr.sk\/wp-content\/uploads\/zne%C4%8Disten%C3%A1%20pr%C3%ADroda.jpg","url":"https:\/\/www.mandr.sk\/wp-content\/uploads\/zne%C4%8Disten%C3%A1%20pr%C3%ADroda.jpg","height":0,"width":0},"url":"https:\/\/www.mandr.sk\/vratnymi-a-recyklovatelnymi-plastovymi-prepravkami-k-udrzatelnosti\/","about":["Vz\u0165ahy"],"wordCount":443,"articleBody":"   S neust\u00e1lym mno\u017estvom odpadu, ktor\u00e9 \u013eudia vyhadzuj\u00fa do vo\u013enej pr\u00edrody a spolo\u010dne s vyp\u00fa\u0161\u0165an\u00fdmi \u0161kodliv\u00fdmi l\u00e1tkami do ovzdu\u0161ia sa ka\u017edoro\u010dne probl\u00e9m so zne\u010disten\u00edm plan\u00e9ty zhor\u0161uje. Nie len, \u017ee sa t\u00fdmto sp\u00f4sobom pr\u00edroda zne\u010dis\u0165uje, ale taktie\u017e sa plytvaj\u00fa i pr\u00edrodn\u00e9 zdroje a zvy\u0161uje sa uhl\u00edkov\u00e1 stopa. V\u0161etky tieto faktory spolo\u010dne prispievaj\u00fa ku glob\u00e1lnemu probl\u00e9mu oh\u013eadom klimatick\u00fdch zmien, ktor\u00e9 n\u00e1sledne sp\u00f4sobuj\u00fa otep\u013eovanie ovzdu\u0161ia, rozt\u00e1panie \u013eadovcov a r\u00f4zne pr\u00edrodn\u00e9 katastrofy, ako s\u00fa po\u017eiare, extr\u00e9mne po\u010dasie alebo z\u00e1plavy. K tomu, aby sme na\u0161ej pr\u00edrode a plan\u00e9te dok\u00e1zali aspo\u0148 z ur\u010ditej \u010dasti pom\u00f4c\u0165 a zmierni\u0165 p\u00f4sobenie \u013eudskej \u010dinnosti je nevyhnutn\u00e9 prich\u00e1dza\u0165 s rie\u0161eniami, ktor\u00e9 podporuj\u00fa udr\u017eate\u013enos\u0165. Za najv\u00e4\u010d\u0161\u00ed probl\u00e9m a z\u00e1rove\u0148 najroz\u0161\u00edrenej\u0161ieho zne\u010dis\u0165ovate\u013ea sa pova\u017euj\u00fa r\u00f4zne druhy plastov\u00fdch v\u00fdrobkov, produktov a obalov, ktor\u00e9 sa len tak pohoden\u00e9 vo vo\u013enej pr\u00edrode nedaj\u00fa ve\u013emi dobre rozlo\u017ei\u0165 a ich spracovanie pr\u00edrodou trv\u00e1 \u010dasto a\u017e nieko\u013eko stoviek rokov.Z toho d\u00f4vodu sa sna\u017eia inovat\u00edvne spolo\u010dnosti prich\u00e1dza\u0165 s rozumn\u00fdmi rie\u0161eniami, ktor\u00e9 predstavuj\u00fa \u0161ikovn\u00fa odpove\u010f na celosvetov\u00fd probl\u00e9m s plastami. Jednou z t\u00fdchto spolo\u010dnost\u00ed je i firma rovnako podporuj\u00faca udr\u017eate\u013enos\u0165, Schoeller Allibert, ktor\u00e1 sa zaober\u00e1 v\u00fdrobou a predajom plastov\u00fdch prepravn\u00fdch obalov, prepraviek, kontajnerov a in\u00fdch prepravn\u00fdch n\u00e1dob \u010di mo\u017enost\u00ed. Inovat\u00edvne rie\u0161enie, s ktor\u00fdm pri v\u00fdrobe prepravn\u00fdch obalov pri\u0161li, pozost\u00e1va z mo\u017enosti ich recykl\u00e1cie. V\u0161etky opotrebovan\u00e9 alebo po\u0161koden\u00e9 prepravky, ktor\u00e9 sa u\u017e nebud\u00fa vyu\u017e\u00edva\u0165 sa zrecykluj\u00fa a vyrobia sa z nich \u010fal\u0161ie prepravn\u00e9 obaly.Tak\u00fdmto sp\u00f4sobom sa daj\u00fa plasty vyu\u017e\u00edva\u0165 opakovane bez toho, aby sa museli zbyto\u010dne vyhadzova\u0165 a plytva\u0165. Obaly teda nie s\u00fa ur\u010den\u00e9 na jednorazov\u00e9 pou\u017eitie, ktor\u00e9 je nesmierne \u0161kodliv\u00e9 pre zdravie plan\u00e9ty. Spolo\u010dnos\u0165 sa okrem recykl\u00e1cie obalov venuje i mo\u017enosti ich prenajatia \u010di vr\u00e1tenia, \u010do rovnako priaznivo vpl\u00fdva pre udr\u017eate\u013enos\u0165 pr\u00edrodn\u00fdch zdrojov a zni\u017eovanie uhl\u00edkovej stopy. Vratn\u00e9 prepravn\u00e9 obaly im vedia firmy potom \u010do ich u\u017e nebud\u00fa potrebova\u0165 vr\u00e1ti\u0165 nasp\u00e4\u0165, a tie sa n\u00e1sledne pod\u013ea miery opotrebenia alebo zni\u010denia bu\u010f vydezinfikuj\u00fa alebo rozlo\u017eia a ich materi\u00e1l sa pou\u017eije pri v\u00fdrobe op\u00e4\u0165.                                                                                                                                                                                                                                                                                                                                                                                          4.2\/5 - (4 votes)        "},{"@context":"https:\/\/schema.org\/","@type":"BreadcrumbList","itemListElement":[{"@type":"ListItem","position":1,"name":"Vratn\u00fdmi a recyklovate\u013en\u00fdmi plastov\u00fdmi prepravkami k udr\u017eate\u013enosti","item":"https:\/\/www.mandr.sk\/vratnymi-a-recyklovatelnymi-plastovymi-prepravkami-k-udrzatelnosti\/#breadcrumbitem"}]}]