[{"@context":"https:\/\/schema.org\/","@type":"Article","@id":"https:\/\/www.mandr.sk\/vseci-dolezitejsi-nez-ja\/#Article","mainEntityOfPage":"https:\/\/www.mandr.sk\/vseci-dolezitejsi-nez-ja\/","headline":"V\u0161eci dole\u017eit\u011bj\u0161i ne\u017e ja","name":"V\u0161eci dole\u017eit\u011bj\u0161i ne\u017e ja","description":"M\u00e1m \u0161es\u0165ro\u010dn\u00e9ho syna as jeho otcom zvl\u00e1\u0161tny vz\u0165ah nevz\u0165ah. Ke\u010f bol mal\u00e9mu rok, tak sem [&hellip;]","datePublished":"2023-07-12","dateModified":"2024-02-21","author":{"@type":"Person","@id":"https:\/\/www.mandr.sk\/author\/#Person","name":"","url":"https:\/\/www.mandr.sk\/author\/","identifier":1,"image":{"@type":"ImageObject","@id":"https:\/\/secure.gravatar.com\/avatar\/32bc2d377216483c132a3bbf038b8838926e0616f1b3d0e9cb50d997f0b052ba?s=96&d=mm&r=g","url":"https:\/\/secure.gravatar.com\/avatar\/32bc2d377216483c132a3bbf038b8838926e0616f1b3d0e9cb50d997f0b052ba?s=96&d=mm&r=g","height":96,"width":96}},"publisher":{"@type":"Organization","name":"mandr.sk","logo":{"@type":"ImageObject","@id":"\/logo.png","url":"\/logo.png","width":600,"height":60}},"image":{"@type":"ImageObject","@id":"https:\/\/www.mandr.sk\/wp-content\/uploads\/couple-1718244_1280_4.jpg","url":"https:\/\/www.mandr.sk\/wp-content\/uploads\/couple-1718244_1280_4.jpg","height":0,"width":0},"url":"https:\/\/www.mandr.sk\/vseci-dolezitejsi-nez-ja\/","about":["Vz\u0165ahy"],"wordCount":441,"articleBody":"M\u00e1m \u0161es\u0165ro\u010dn\u00e9ho syna as jeho otcom zvl\u00e1\u0161tny vz\u0165ah nevz\u0165ah. Ke\u010f bol mal\u00e9mu rok, tak sem odi\u0161la, neboli sme pre neho d\u00f4le\u017eit\u00e9, boli to kamar\u00e1ti v kr\u010dme a v\u017edy si na\u0161iel d\u00f4vod pre\u010do tam opr\u00e1vnene ide. Myslela som, \u017ee si to uvedom\u00ed. Tak\u017ee na to vlastne \u010dak\u00e1m 5 rokov. Ka\u017ed\u00fd m\u00e1me svoju dom\u00e1cnos\u0165, u neho syn je, ke\u010f sem v pr\u00e1ci, a on si stoj\u00ed za t\u00fdm, \u017ee sme funguj\u00faca rodina, ale pritom to funguje len \u017ee str\u00e1\u017ei syna, ke\u010f sem v pr\u00e1ci. Ni\u010d medzi nami nie je, \u010das s nami ide str\u00e1vi\u0165 a\u017e ke\u010f mu napr\u00edklad po\u010das d\u0148a ostane p\u00e1r min\u00fat, preto\u017ee mus\u00ed v\u0161etko st\u00edha\u0165, aby bol na \u010das na pive. Ke\u010f sa ho sp\u00fdtam \u010do my dvaja, tak jeho odpove\u010f znie len neviem a tejto t\u00e9me sa vyh\u00fdba s t\u00fdm, \u017ee v\u00e4\u010d\u0161inou napadne ma, \u017ee ma niekto ma\u017ee med okolo pusy.Nech sa sna\u017e\u00edm ako sa sna\u017e\u00edm, nejde s t\u00fdm o tom hovori\u0165. Ako z toho v\u00f4bec von? C\u00edtim sa menejcenn\u00e1 a sama. Tak ako som predt\u00fdm mala ve\u013ea chuti do \u017eivota, u\u017e ju bohu\u017eia\u013e nem\u00e1m. Ka\u017edodenn\u00e1 osamelos\u0165 a jeho spr\u00e1vanie ma tot\u00e1lne ub\u00edja, na druh\u00fa stranu vlastne ani ale netu\u0161\u00edm, ako z tohto za\u010darovan\u00e9ho kruhu von. M\u00e1m si s n\u00edm o tom sk\u00fa\u0161a\u0165 hovori\u0165 znova a znova? M\u00e1m si d\u00e1va\u0165 plan\u00e9 n\u00e1deje, alebo u\u017e sa to nikdy nezmen\u00ed? Myslela som si, \u017ee ke\u010f s\u00fa dvaja \u013eudia spolu, mali by ma\u0165 aspo\u0148 nejak\u00fd \u010das na seba vz\u00e1jomne.Takto mi pr\u00edde, \u017ee z tohto vz\u0165ahu nem\u00e1m v\u00f4bec ni\u010d. Aj ke\u010f som vo vz\u0165ahu a m\u00e1m priate\u013ea, c\u00edtim sa stra\u0161ne sama a opusten\u00e1. Samozrejme, \u017ee potom m\u00e1m depresie a u\u017e neviem, kadia\u013e kam. A v\u0161etko to na m\u0148a postupne dolieha, val\u00ed sa to na m\u0148a zo v\u0161etk\u00fdch str\u00e1n a ja u\u017e neviem, \u010do s t\u00fdm. V\u017edy som bola naivn\u00e1, a\u017e teraz posledn\u00e9 dni mi otvorili o\u010di. Uvedomila som si, \u017ee takto \u017ei\u0165 nechcem. Akur\u00e1t by som sa viac a viac tr\u00e1pila. Nechcem u\u017e sam\u00fa seba zr\u00e1\u017ea\u0165 na kolen\u00e1. Chcem ma\u0165 norm\u00e1lneho partnera, ktor\u00fd ma bude milova\u0165 a bude schopn\u00fd si na m\u0148a urobi\u0165 aspo\u0148 trochu \u010dasu. A ktor\u00fd ma tie\u017e ocenia.                                                                                                                                                                                                                                                                                                                                                                                        4.2\/5 - (14 votes)        "},{"@context":"https:\/\/schema.org\/","@type":"BreadcrumbList","itemListElement":[{"@type":"ListItem","position":1,"name":"V\u0161eci dole\u017eit\u011bj\u0161i ne\u017e ja","item":"https:\/\/www.mandr.sk\/vseci-dolezitejsi-nez-ja\/#breadcrumbitem"}]}]